{"id":1445,"date":"2026-04-20T16:36:33","date_gmt":"2026-04-20T16:36:33","guid":{"rendered":"https:\/\/kaliszharmonia.pl\/?p=1445"},"modified":"2026-07-21T21:23:26","modified_gmt":"2026-07-21T21:23:26","slug":"mgr-anna-karpisiewicz","status":"publish","type":"post","link":"https:\/\/kaliszharmonia.pl\/?p=1445","title":{"rendered":"mgr Anna Karpisiewicz"},"content":{"rendered":"\n<p class=\"wp-block-paragraph\">Jestem magistrem psychologii o specjalno\u015bci psychologia kliniczna i psychoterapia. Posiadam kwalifikacje do przeprowadzania zrewidowanego wywiadu do diagnozy klinicznej ADI-R oraz aktualnie kontynuuj\u0119 studia podyplomowe z zakresu neuropsychologii.&nbsp;<br>Swoj\u0105 przysz\u0142o\u015b\u0107 wi\u0105\u017c\u0119 przede wszystkim z diagnostyk\u0105 psychologiczn\u0105 oraz wsparciem m\u0142odzie\u017cy i os\u00f3b doros\u0142ych. Szczeg\u00f3lnie bliska jest mi praca z m\u0142odzie\u017c\u0105, w tym z m\u0142odzie\u017c\u0105 do\u015bwiadczaj\u0105c\u0105 trudno\u015bci emocjonalnych i wychowawczych, a tak\u017ce z rodzinami dzieci z trudno\u015bciami rozwojowymi.&nbsp;<br>W pracy stawiam na uwa\u017cno\u015b\u0107, rzetelno\u015b\u0107 i indywidualne podej\u015bcie do ka\u017cdej osoby.<\/p>\n","protected":false},"excerpt":{"rendered":"<p>Jestem magistrem psychologii o specjalno\u015bci psychologia kliniczna i psychoterapia. Posiadam kwalifikacje do przeprowadzania zrewidowanego wywiadu do diagnozy klinicznej ADI-R oraz aktualnie kontynuuj\u0119 studia podyplomowe z zakresu neuropsychologii.&nbsp;Swoj\u0105 przysz\u0142o\u015b\u0107 wi\u0105\u017c\u0119 przede wszystkim z diagnostyk\u0105 psychologiczn\u0105 oraz wsparciem m\u0142odzie\u017cy i os\u00f3b doros\u0142ych. Szczeg\u00f3lnie bliska jest mi praca z m\u0142odzie\u017c\u0105, w tym z m\u0142odzie\u017c\u0105 do\u015bwiadczaj\u0105c\u0105 trudno\u015bci emocjonalnych i [&hellip;]<\/p>\n","protected":false},"author":1,"featured_media":0,"comment_status":"open","ping_status":"open","sticky":false,"template":"","format":"standard","meta":{"_acf_changed":false,"footnotes":""},"categories":[5],"tags":[12],"class_list":["post-1445","post","type-post","status-publish","format-standard","hentry","category-zespol","tag-psychologiczna"],"acf":[],"_links":{"self":[{"href":"https:\/\/kaliszharmonia.pl\/index.php?rest_route=\/wp\/v2\/posts\/1445","targetHints":{"allow":["GET"]}}],"collection":[{"href":"https:\/\/kaliszharmonia.pl\/index.php?rest_route=\/wp\/v2\/posts"}],"about":[{"href":"https:\/\/kaliszharmonia.pl\/index.php?rest_route=\/wp\/v2\/types\/post"}],"author":[{"embeddable":true,"href":"https:\/\/kaliszharmonia.pl\/index.php?rest_route=\/wp\/v2\/users\/1"}],"replies":[{"embeddable":true,"href":"https:\/\/kaliszharmonia.pl\/index.php?rest_route=%2Fwp%2Fv2%2Fcomments&post=1445"}],"version-history":[{"count":5,"href":"https:\/\/kaliszharmonia.pl\/index.php?rest_route=\/wp\/v2\/posts\/1445\/revisions"}],"predecessor-version":[{"id":2091,"href":"https:\/\/kaliszharmonia.pl\/index.php?rest_route=\/wp\/v2\/posts\/1445\/revisions\/2091"}],"wp:attachment":[{"href":"https:\/\/kaliszharmonia.pl\/index.php?rest_route=%2Fwp%2Fv2%2Fmedia&parent=1445"}],"wp:term":[{"taxonomy":"category","embeddable":true,"href":"https:\/\/kaliszharmonia.pl\/index.php?rest_route=%2Fwp%2Fv2%2Fcategories&post=1445"},{"taxonomy":"post_tag","embeddable":true,"href":"https:\/\/kaliszharmonia.pl\/index.php?rest_route=%2Fwp%2Fv2%2Ftags&post=1445"}],"curies":[{"name":"wp","href":"https:\/\/api.w.org\/{rel}","templated":true}]}}