{"id":1511,"date":"2026-04-29T17:32:38","date_gmt":"2026-04-29T17:32:38","guid":{"rendered":"https:\/\/kaliszharmonia.pl\/?p=1511"},"modified":"2026-07-31T13:11:42","modified_gmt":"2026-07-31T13:11:42","slug":"mgr-daria-nowak-michalska","status":"publish","type":"post","link":"https:\/\/kaliszharmonia.pl\/?p=1511","title":{"rendered":"mgr Daria Nowak-Michalska"},"content":{"rendered":"\n<p class=\"wp-block-paragraph\">Uko\u0144czy\u0142am studia licencjackie w 2018 roku na pozna\u0144skiej Akademii Wychowania Fizycznego, uzyskuj\u0105c tytu\u0142 dietetyka (specjalno\u015b\u0107: dietoprofilaktyka i dietoterapia). Kontynuowa\u0142am nauk\u0119 na studiach magisterskich na Uniwersytecie Przyrodniczym w Poznaniu. W 2024 roku uko\u0144czy\u0142am studia podyplomowe &#8211; kierunek Psychodietetyka (Uniwersytet SWPS w Poznaniu). Stale poszerzam swoj\u0105 wiedz\u0119 bior\u0105c udzia\u0142 w<br>konferencjach i szkoleniach (m.in. Podstawy Dietoterapii w Insulinooporno\u015bci, \u017bywienie w<br>refluksie, \u017bywienie i suplementacja w Zespole Jelita Nadwra\u017cliwego, Trener Oddechu, Konferencja Psychodietetyki, Dietetyk XXI wieku, Og\u00f3lnopolska Konferencja PAD).&nbsp;<\/p>\n","protected":false},"excerpt":{"rendered":"<p>Uko\u0144czy\u0142am studia licencjackie w 2018 roku na pozna\u0144skiej Akademii Wychowania Fizycznego, uzyskuj\u0105c tytu\u0142 dietetyka (specjalno\u015b\u0107: dietoprofilaktyka i dietoterapia). Kontynuowa\u0142am nauk\u0119 na studiach magisterskich na Uniwersytecie Przyrodniczym w Poznaniu. W 2024 roku uko\u0144czy\u0142am studia podyplomowe &#8211; kierunek Psychodietetyka (Uniwersytet SWPS w Poznaniu). Stale poszerzam swoj\u0105 wiedz\u0119 bior\u0105c udzia\u0142 wkonferencjach i szkoleniach (m.in. Podstawy Dietoterapii w Insulinooporno\u015bci, [&hellip;]<\/p>\n","protected":false},"author":1,"featured_media":0,"comment_status":"closed","ping_status":"closed","sticky":false,"template":"","format":"standard","meta":{"_acf_changed":false,"footnotes":""},"categories":[5],"tags":[16],"class_list":["post-1511","post","type-post","status-publish","format-standard","hentry","category-zespol","tag-dietetyczna"],"acf":[],"_links":{"self":[{"href":"https:\/\/kaliszharmonia.pl\/index.php?rest_route=\/wp\/v2\/posts\/1511","targetHints":{"allow":["GET"]}}],"collection":[{"href":"https:\/\/kaliszharmonia.pl\/index.php?rest_route=\/wp\/v2\/posts"}],"about":[{"href":"https:\/\/kaliszharmonia.pl\/index.php?rest_route=\/wp\/v2\/types\/post"}],"author":[{"embeddable":true,"href":"https:\/\/kaliszharmonia.pl\/index.php?rest_route=\/wp\/v2\/users\/1"}],"replies":[{"embeddable":true,"href":"https:\/\/kaliszharmonia.pl\/index.php?rest_route=%2Fwp%2Fv2%2Fcomments&post=1511"}],"version-history":[{"count":6,"href":"https:\/\/kaliszharmonia.pl\/index.php?rest_route=\/wp\/v2\/posts\/1511\/revisions"}],"predecessor-version":[{"id":2096,"href":"https:\/\/kaliszharmonia.pl\/index.php?rest_route=\/wp\/v2\/posts\/1511\/revisions\/2096"}],"wp:attachment":[{"href":"https:\/\/kaliszharmonia.pl\/index.php?rest_route=%2Fwp%2Fv2%2Fmedia&parent=1511"}],"wp:term":[{"taxonomy":"category","embeddable":true,"href":"https:\/\/kaliszharmonia.pl\/index.php?rest_route=%2Fwp%2Fv2%2Fcategories&post=1511"},{"taxonomy":"post_tag","embeddable":true,"href":"https:\/\/kaliszharmonia.pl\/index.php?rest_route=%2Fwp%2Fv2%2Ftags&post=1511"}],"curies":[{"name":"wp","href":"https:\/\/api.w.org\/{rel}","templated":true}]}}