{"id":1685,"date":"2026-05-03T18:12:42","date_gmt":"2026-05-03T18:12:42","guid":{"rendered":"https:\/\/kaliszharmonia.pl\/?p=1685"},"modified":"2026-07-03T18:26:57","modified_gmt":"2026-07-03T18:26:57","slug":"mgr-jolanta-keeley","status":"publish","type":"post","link":"https:\/\/kaliszharmonia.pl\/?p=1685","title":{"rendered":"mgr Jolanta Keeley"},"content":{"rendered":"\n<p class=\"wp-block-paragraph\">Jestem magistrem psychologii, ze specjalizacj\u0105 z psychologii klinicznej oraz psychoterapii. Moja praktyka koncentruje si\u0119 mi\u0119dzy innymi na kompleksowej diagnozie ADHD u dzieci od 6 roku \u017cycia, m\u0142odzie\u017cy oraz os\u00f3b doros\u0142ych, zaburzeniach osobowo\u015bci, a tak\u017ce doradztwie zawodowym (zar\u00f3wno dla m\u0142odzie\u017cy jak i os\u00f3b doros\u0142ych aktywnych zawodowo), przy wykorzystaniu test\u00f3w psychologicznych. Uko\u0144czy\u0142am liczne, certyfikowane kursy i szkolenia specjalistyczne, m.in. z zakresu terapii poznawczo-behawioralnej, terapii schemat\u00f3w, terapii skoncentrowanej na rozwi\u0105zaniach, r\u00f3\u017cnicowaniu ADHD. Nieustannie poszerzam swoje kompetencje\u00a0<\/p>\n","protected":false},"excerpt":{"rendered":"<p>Jestem magistrem psychologii, ze specjalizacj\u0105 z psychologii klinicznej oraz psychoterapii. Moja praktyka koncentruje si\u0119 mi\u0119dzy innymi na kompleksowej diagnozie ADHD u dzieci od 6 roku \u017cycia, m\u0142odzie\u017cy oraz os\u00f3b doros\u0142ych, zaburzeniach osobowo\u015bci, a tak\u017ce doradztwie zawodowym (zar\u00f3wno dla m\u0142odzie\u017cy jak i os\u00f3b doros\u0142ych aktywnych zawodowo), przy wykorzystaniu test\u00f3w psychologicznych. Uko\u0144czy\u0142am liczne, certyfikowane kursy i szkolenia [&hellip;]<\/p>\n","protected":false},"author":1,"featured_media":0,"comment_status":"open","ping_status":"open","sticky":false,"template":"","format":"standard","meta":{"_acf_changed":false,"footnotes":""},"categories":[5],"tags":[],"class_list":["post-1685","post","type-post","status-publish","format-standard","hentry","category-zespol"],"acf":[],"_links":{"self":[{"href":"https:\/\/kaliszharmonia.pl\/index.php?rest_route=\/wp\/v2\/posts\/1685","targetHints":{"allow":["GET"]}}],"collection":[{"href":"https:\/\/kaliszharmonia.pl\/index.php?rest_route=\/wp\/v2\/posts"}],"about":[{"href":"https:\/\/kaliszharmonia.pl\/index.php?rest_route=\/wp\/v2\/types\/post"}],"author":[{"embeddable":true,"href":"https:\/\/kaliszharmonia.pl\/index.php?rest_route=\/wp\/v2\/users\/1"}],"replies":[{"embeddable":true,"href":"https:\/\/kaliszharmonia.pl\/index.php?rest_route=%2Fwp%2Fv2%2Fcomments&post=1685"}],"version-history":[{"count":2,"href":"https:\/\/kaliszharmonia.pl\/index.php?rest_route=\/wp\/v2\/posts\/1685\/revisions"}],"predecessor-version":[{"id":2056,"href":"https:\/\/kaliszharmonia.pl\/index.php?rest_route=\/wp\/v2\/posts\/1685\/revisions\/2056"}],"wp:attachment":[{"href":"https:\/\/kaliszharmonia.pl\/index.php?rest_route=%2Fwp%2Fv2%2Fmedia&parent=1685"}],"wp:term":[{"taxonomy":"category","embeddable":true,"href":"https:\/\/kaliszharmonia.pl\/index.php?rest_route=%2Fwp%2Fv2%2Fcategories&post=1685"},{"taxonomy":"post_tag","embeddable":true,"href":"https:\/\/kaliszharmonia.pl\/index.php?rest_route=%2Fwp%2Fv2%2Ftags&post=1685"}],"curies":[{"name":"wp","href":"https:\/\/api.w.org\/{rel}","templated":true}]}}