{"id":1906,"date":"2026-04-25T21:24:00","date_gmt":"2026-04-25T21:24:00","guid":{"rendered":"https:\/\/kaliszharmonia.pl\/?p=1906"},"modified":"2026-05-04T21:24:59","modified_gmt":"2026-05-04T21:24:59","slug":"ostatni-tydzien-promocji-kwietniowej","status":"publish","type":"post","link":"https:\/\/kaliszharmonia.pl\/?p=1906","title":{"rendered":"OSTATNI TYDZIE\u0143 PROMOCJI KWIETNIOWEJ!"},"content":{"rendered":"\n<p class=\"wp-block-paragraph\">Poradnia Zdrowia Psychicznego Harmonia zaprasza dzieci i doros\u0142ych <img loading=\"lazy\" decoding=\"async\" height=\"16\" width=\"16\" alt=\"\ud83e\udd0d\" src=\"https:\/\/static.xx.fbcdn.net\/images\/emoji.php\/v9\/tc5\/1\/16\/1f90d.png\"><\/p>\n\n\n\n<p class=\"wp-block-paragraph\"><img loading=\"lazy\" decoding=\"async\" height=\"16\" width=\"16\" alt=\"\ud83d\udcac\" src=\"https:\/\/static.xx.fbcdn.net\/images\/emoji.php\/v9\/t6e\/1\/16\/1f4ac.png\"> Pierwsza konsultacja psychologiczna<\/p>\n\n\n\n<p class=\"wp-block-paragraph\"><img loading=\"lazy\" decoding=\"async\" height=\"16\" width=\"16\" alt=\"\ud83d\udc49\" src=\"https:\/\/static.xx.fbcdn.net\/images\/emoji.php\/v9\/t51\/1\/16\/1f449.png\"> tylko 120 z\u0142 zamiast 190 z\u0142<\/p>\n\n\n\n<p class=\"wp-block-paragraph\"><img loading=\"lazy\" decoding=\"async\" height=\"16\" width=\"16\" alt=\"\ud83d\udcc5\" src=\"https:\/\/static.xx.fbcdn.net\/images\/emoji.php\/v9\/t7e\/1\/16\/1f4c5.png\"> Ostatnie wolne terminy:<\/p>\n\n\n\n<p class=\"wp-block-paragraph\"><img loading=\"lazy\" decoding=\"async\" height=\"16\" width=\"16\" alt=\"\u25aa\ufe0f\" src=\"https:\/\/static.xx.fbcdn.net\/images\/emoji.php\/v9\/t4c\/1\/16\/25aa.png\"> 27.04 (poniedzia\u0142ek) \u2013 17:00 | 18:00<\/p>\n\n\n\n<p class=\"wp-block-paragraph\"><img loading=\"lazy\" decoding=\"async\" height=\"16\" width=\"16\" alt=\"\u25aa\ufe0f\" src=\"https:\/\/static.xx.fbcdn.net\/images\/emoji.php\/v9\/t4c\/1\/16\/25aa.png\"> 28.04 (wtorek) \u2013 16:00<\/p>\n\n\n\n<p class=\"wp-block-paragraph\"><img loading=\"lazy\" decoding=\"async\" height=\"16\" width=\"16\" alt=\"\u25aa\ufe0f\" src=\"https:\/\/static.xx.fbcdn.net\/images\/emoji.php\/v9\/t4c\/1\/16\/25aa.png\"> 30.04 (czwartek) \u2013 12:30 | 15:00 | 17:00<\/p>\n\n\n\n<p class=\"wp-block-paragraph\"><img loading=\"lazy\" decoding=\"async\" height=\"16\" width=\"16\" alt=\"\ud83d\udcde\" src=\"https:\/\/static.xx.fbcdn.net\/images\/emoji.php\/v9\/t4d\/1\/16\/1f4de.png\"> Zapisy: 788 935 143<\/p>\n\n\n\n<p class=\"wp-block-paragraph\"><img loading=\"lazy\" decoding=\"async\" height=\"16\" width=\"16\" alt=\"\ud83d\udccd\" src=\"https:\/\/static.xx.fbcdn.net\/images\/emoji.php\/v9\/t2d\/1\/16\/1f4cd.png\"><a href=\"https:\/\/www.facebook.com\/szalepark?__cft__[0]=AZaWvJLKc2zbupCrYyOZJX9a_DzpcEW7nIEAgoxJU2p3TYigrTXphZ6JuXyQn7sCNEViNdhhPI1hTxfMl_M-UwPUbbCKea_0PoBdjQJSmOq-lKiJQySd5coqMNVGjDd-PMfokuJ07GVmrx3SGsn89vXvGIyPpAP-Tge8FYCBycBMEeUjGUCo-aH9W5u_E2XpxdLgQxngQ2zA8lNDszocjXF_&amp;__tn__=-]K-R\">Sza\u0142e Park<\/a>, ul. Kaliska 30<\/p>\n\n\n\n<p class=\"wp-block-paragraph\">Nie odk\u0142adaj swojego zdrowia psychicznego na p\u00f3\u017aniej \u2013 to dobry moment, \u017ceby zrobi\u0107 pierwszy krok.<\/p>\n","protected":false},"excerpt":{"rendered":"<p>Poradnia Zdrowia Psychicznego Harmonia zaprasza dzieci i doros\u0142ych Pierwsza konsultacja psychologiczna tylko 120 z\u0142 zamiast 190 z\u0142 Ostatnie wolne terminy: 27.04 (poniedzia\u0142ek) \u2013 17:00 | 18:00 28.04 (wtorek) \u2013 16:00 30.04 (czwartek) \u2013 12:30 | 15:00 | 17:00 Zapisy: 788 935 143 Sza\u0142e Park, ul. Kaliska 30 Nie odk\u0142adaj swojego zdrowia psychicznego na p\u00f3\u017aniej \u2013 [&hellip;]<\/p>\n","protected":false},"author":1,"featured_media":0,"comment_status":"open","ping_status":"open","sticky":false,"template":"","format":"standard","meta":{"_acf_changed":false,"footnotes":""},"categories":[4],"tags":[],"class_list":["post-1906","post","type-post","status-publish","format-standard","hentry","category-news"],"acf":[],"_links":{"self":[{"href":"https:\/\/kaliszharmonia.pl\/index.php?rest_route=\/wp\/v2\/posts\/1906","targetHints":{"allow":["GET"]}}],"collection":[{"href":"https:\/\/kaliszharmonia.pl\/index.php?rest_route=\/wp\/v2\/posts"}],"about":[{"href":"https:\/\/kaliszharmonia.pl\/index.php?rest_route=\/wp\/v2\/types\/post"}],"author":[{"embeddable":true,"href":"https:\/\/kaliszharmonia.pl\/index.php?rest_route=\/wp\/v2\/users\/1"}],"replies":[{"embeddable":true,"href":"https:\/\/kaliszharmonia.pl\/index.php?rest_route=%2Fwp%2Fv2%2Fcomments&post=1906"}],"version-history":[{"count":1,"href":"https:\/\/kaliszharmonia.pl\/index.php?rest_route=\/wp\/v2\/posts\/1906\/revisions"}],"predecessor-version":[{"id":1908,"href":"https:\/\/kaliszharmonia.pl\/index.php?rest_route=\/wp\/v2\/posts\/1906\/revisions\/1908"}],"wp:attachment":[{"href":"https:\/\/kaliszharmonia.pl\/index.php?rest_route=%2Fwp%2Fv2%2Fmedia&parent=1906"}],"wp:term":[{"taxonomy":"category","embeddable":true,"href":"https:\/\/kaliszharmonia.pl\/index.php?rest_route=%2Fwp%2Fv2%2Fcategories&post=1906"},{"taxonomy":"post_tag","embeddable":true,"href":"https:\/\/kaliszharmonia.pl\/index.php?rest_route=%2Fwp%2Fv2%2Ftags&post=1906"}],"curies":[{"name":"wp","href":"https:\/\/api.w.org\/{rel}","templated":true}]}}