{"id":1909,"date":"2026-05-04T21:26:59","date_gmt":"2026-05-04T21:26:59","guid":{"rendered":"https:\/\/kaliszharmonia.pl\/?p=1909"},"modified":"2026-05-04T21:27:18","modified_gmt":"2026-05-04T21:27:18","slug":"rownosc-szans-dla-kadr-sektora-edukacji-i-nauki","status":"publish","type":"post","link":"https:\/\/kaliszharmonia.pl\/?p=1909","title":{"rendered":"R\u00f3wno\u015b\u0107 szans dla kadr sektora edukacji i nauki"},"content":{"rendered":"\n<p class=\"wp-block-paragraph\">Dzi\u0119kujemy za zaproszenie i mo\u017cliwo\u015b\u0107 udzia\u0142u w konferencji otwieraj\u0105cej projekt<br>\u201eR\u00f3wno\u015b\u0107 szans dla kadr sektora edukacji i nauki\u201d&nbsp;<\/p>\n\n\n\n<figure class=\"wp-block-image\"><img decoding=\"async\" src=\"https:\/\/static.xx.fbcdn.net\/images\/emoji.php\/v9\/t14\/1\/16\/2618.png\" alt=\"\u2618\ufe0f\"\/><\/figure>\n\n\n\n<p class=\"wp-block-paragraph\">Z ramienia Poradni Zdrowia Psychicznego Dzieci i Doros\u0142ych Harmonia w wydarzeniu uczestniczy\u0142a mgr Anna Karpisiewicz \u2013 psycholog, kt\u00f3ra zosta\u0142a zaproszona jako ekspertka do udzia\u0142u w panelu dyskusyjnym&nbsp;<\/p>\n\n\n\n<figure class=\"wp-block-image\"><img decoding=\"async\" src=\"https:\/\/static.xx.fbcdn.net\/images\/emoji.php\/v9\/t7e\/1\/16\/1f3a4.png\" alt=\"\ud83c\udfa4\"\/><\/figure>\n\n\n\n<p class=\"wp-block-paragraph\">Panel by\u0142 niezwykle warto\u015bciowy \u2013 pe\u0142en merytorycznych refleksji, r\u00f3\u017cnych perspektyw i wa\u017cnych temat\u00f3w dotycz\u0105cych zdrowia psychicznego, relacji w zespo\u0142ach oraz wyzwa\u0144, z jakimi mierz\u0105 si\u0119 osoby pracuj\u0105ce w edukacji.<\/p>\n\n\n\n<p class=\"wp-block-paragraph\">Cieszymy si\u0119, \u017ce mogli\u015bmy by\u0107 cz\u0119\u015bci\u0105 tej inicjatywy i wsp\u00f3lnie tworzy\u0107 przestrze\u0144 do rozmowy o tym, co naprawd\u0119 wa\u017cne&nbsp;<\/p>\n\n\n\n<figure class=\"wp-block-image\"><img decoding=\"async\" src=\"https:\/\/static.xx.fbcdn.net\/images\/emoji.php\/v9\/t6e\/1\/16\/1f4ac.png\" alt=\"\ud83d\udcac\"\/><\/figure>\n\n\n\n<p class=\"wp-block-paragraph\">Gratulujemy organizatorom \u015bwietnie przygotowanego wydarzenia i trzymamy kciuki za dalszy rozw\u00f3j projektu!&nbsp;<\/p>\n\n\n\n<figure class=\"wp-block-image\"><img decoding=\"async\" src=\"https:\/\/static.xx.fbcdn.net\/images\/emoji.php\/v9\/tc6\/1\/16\/1f680.png\" alt=\"\ud83d\ude80\"\/><\/figure>\n","protected":false},"excerpt":{"rendered":"<p>Dzi\u0119kujemy za zaproszenie i mo\u017cliwo\u015b\u0107 udzia\u0142u w konferencji otwieraj\u0105cej projekt\u201eR\u00f3wno\u015b\u0107 szans dla kadr sektora edukacji i nauki\u201d&nbsp; Z ramienia Poradni Zdrowia Psychicznego Dzieci i Doros\u0142ych Harmonia w wydarzeniu uczestniczy\u0142a mgr Anna Karpisiewicz \u2013 psycholog, kt\u00f3ra zosta\u0142a zaproszona jako ekspertka do udzia\u0142u w panelu dyskusyjnym&nbsp; Panel by\u0142 niezwykle warto\u015bciowy \u2013 pe\u0142en merytorycznych refleksji, r\u00f3\u017cnych perspektyw i [&hellip;]<\/p>\n","protected":false},"author":1,"featured_media":0,"comment_status":"open","ping_status":"open","sticky":false,"template":"","format":"standard","meta":{"_acf_changed":false,"footnotes":""},"categories":[4],"tags":[],"class_list":["post-1909","post","type-post","status-publish","format-standard","hentry","category-news"],"acf":[],"_links":{"self":[{"href":"https:\/\/kaliszharmonia.pl\/index.php?rest_route=\/wp\/v2\/posts\/1909","targetHints":{"allow":["GET"]}}],"collection":[{"href":"https:\/\/kaliszharmonia.pl\/index.php?rest_route=\/wp\/v2\/posts"}],"about":[{"href":"https:\/\/kaliszharmonia.pl\/index.php?rest_route=\/wp\/v2\/types\/post"}],"author":[{"embeddable":true,"href":"https:\/\/kaliszharmonia.pl\/index.php?rest_route=\/wp\/v2\/users\/1"}],"replies":[{"embeddable":true,"href":"https:\/\/kaliszharmonia.pl\/index.php?rest_route=%2Fwp%2Fv2%2Fcomments&post=1909"}],"version-history":[{"count":1,"href":"https:\/\/kaliszharmonia.pl\/index.php?rest_route=\/wp\/v2\/posts\/1909\/revisions"}],"predecessor-version":[{"id":1911,"href":"https:\/\/kaliszharmonia.pl\/index.php?rest_route=\/wp\/v2\/posts\/1909\/revisions\/1911"}],"wp:attachment":[{"href":"https:\/\/kaliszharmonia.pl\/index.php?rest_route=%2Fwp%2Fv2%2Fmedia&parent=1909"}],"wp:term":[{"taxonomy":"category","embeddable":true,"href":"https:\/\/kaliszharmonia.pl\/index.php?rest_route=%2Fwp%2Fv2%2Fcategories&post=1909"},{"taxonomy":"post_tag","embeddable":true,"href":"https:\/\/kaliszharmonia.pl\/index.php?rest_route=%2Fwp%2Fv2%2Ftags&post=1909"}],"curies":[{"name":"wp","href":"https:\/\/api.w.org\/{rel}","templated":true}]}}