{"id":2078,"date":"2026-07-04T13:42:55","date_gmt":"2026-07-04T13:42:55","guid":{"rendered":"https:\/\/kaliszharmonia.pl\/?p=2078"},"modified":"2026-08-31T19:39:55","modified_gmt":"2026-08-31T19:39:55","slug":"lek-rafal-cichorski","status":"publish","type":"post","link":"https:\/\/kaliszharmonia.pl\/?p=2078","title":{"rendered":"lek.\u00a0Rafa\u0142 Cichorski"},"content":{"rendered":"\n<p class=\"wp-block-paragraph\">Absolwent kierunku lekarskiego Uniwersytetu Medycznego we Wroc\u0142awiu. Realizuj\u0105c szkolenie specjalizacyjne w dziedzinie psychiatrii pracuje w oddziale stacjonarnym Dolno\u015bl\u0105skiego Centrum Zdrowia Psychicznego we Wroc\u0142awiu. <\/p>\n\n\n\n<p class=\"wp-block-paragraph\">W codziennej praktyce zwraca szczeg\u00f3ln\u0105 uwag\u0119 na dobr\u0105 relacj\u0119 mi\u0119dzy pacjentem a lekarzem, opart\u0105 na wzajemnym zaufaniu i szacunku. Otwarta i szczera komunikacja pozwala na dog\u0142\u0119bne i indywidualne podej\u015bcie do ka\u017cdego pacjenta. <\/p>\n\n\n\n<p class=\"wp-block-paragraph\">Wiedz\u0119 merytoryczn\u0105 pog\u0142\u0119bia bior\u0105c udzia\u0142 w kursach i szkoleniach, kt\u00f3re pozwalaj\u0105 by\u0107 na bie\u017c\u0105co z nowo\u015bciami i standardami leczenia oraz na sta\u0142e podnoszenie kwalifikacji zawodowych.<\/p>\n","protected":false},"excerpt":{"rendered":"<p>Absolwent kierunku lekarskiego Uniwersytetu Medycznego we Wroc\u0142awiu. Realizuj\u0105c szkolenie specjalizacyjne w dziedzinie psychiatrii pracuje w oddziale stacjonarnym Dolno\u015bl\u0105skiego Centrum Zdrowia Psychicznego we Wroc\u0142awiu. W codziennej praktyce zwraca szczeg\u00f3ln\u0105 uwag\u0119 na dobr\u0105 relacj\u0119 mi\u0119dzy pacjentem a lekarzem, opart\u0105 na wzajemnym zaufaniu i szacunku. Otwarta i szczera komunikacja pozwala na dog\u0142\u0119bne i indywidualne podej\u015bcie do ka\u017cdego pacjenta. [&hellip;]<\/p>\n","protected":false},"author":1,"featured_media":0,"comment_status":"open","ping_status":"open","sticky":false,"template":"","format":"standard","meta":{"_acf_changed":false,"footnotes":""},"categories":[5],"tags":[12],"class_list":["post-2078","post","type-post","status-publish","format-standard","hentry","category-zespol","tag-psychologiczna"],"acf":[],"_links":{"self":[{"href":"https:\/\/kaliszharmonia.pl\/index.php?rest_route=\/wp\/v2\/posts\/2078","targetHints":{"allow":["GET"]}}],"collection":[{"href":"https:\/\/kaliszharmonia.pl\/index.php?rest_route=\/wp\/v2\/posts"}],"about":[{"href":"https:\/\/kaliszharmonia.pl\/index.php?rest_route=\/wp\/v2\/types\/post"}],"author":[{"embeddable":true,"href":"https:\/\/kaliszharmonia.pl\/index.php?rest_route=\/wp\/v2\/users\/1"}],"replies":[{"embeddable":true,"href":"https:\/\/kaliszharmonia.pl\/index.php?rest_route=%2Fwp%2Fv2%2Fcomments&post=2078"}],"version-history":[{"count":2,"href":"https:\/\/kaliszharmonia.pl\/index.php?rest_route=\/wp\/v2\/posts\/2078\/revisions"}],"predecessor-version":[{"id":2252,"href":"https:\/\/kaliszharmonia.pl\/index.php?rest_route=\/wp\/v2\/posts\/2078\/revisions\/2252"}],"wp:attachment":[{"href":"https:\/\/kaliszharmonia.pl\/index.php?rest_route=%2Fwp%2Fv2%2Fmedia&parent=2078"}],"wp:term":[{"taxonomy":"category","embeddable":true,"href":"https:\/\/kaliszharmonia.pl\/index.php?rest_route=%2Fwp%2Fv2%2Fcategories&post=2078"},{"taxonomy":"post_tag","embeddable":true,"href":"https:\/\/kaliszharmonia.pl\/index.php?rest_route=%2Fwp%2Fv2%2Ftags&post=2078"}],"curies":[{"name":"wp","href":"https:\/\/api.w.org\/{rel}","templated":true}]}}