{"id":2081,"date":"2026-07-04T13:49:01","date_gmt":"2026-07-04T13:49:01","guid":{"rendered":"https:\/\/kaliszharmonia.pl\/?p=2081"},"modified":"2026-09-02T11:23:02","modified_gmt":"2026-09-02T11:23:02","slug":"mgr-gabriela-andrzejewska","status":"publish","type":"post","link":"https:\/\/kaliszharmonia.pl\/?p=2081","title":{"rendered":"mgr Gabriela Andrzejewska"},"content":{"rendered":"\n<p class=\"wp-block-paragraph\">Personalny, Instruktor Fitness z wieloletnim do\u015bwiadczeniem. Fizjoterapia to moja pasja. Ci\u0105gle poszerzam swoj\u0105 wiedz\u0119 by jeszcze lepiej pom\u00f3c swoim pacjentom. Pracuj\u0119 zar\u00f3wno z dzie\u0107mi od 3 r. \u017c. jak i doros\u0142ymi. W mojej ofercie znajduj\u0105 si\u0119 nowoczesne metody terapii pozwalaj\u0105ce przywr\u00f3ci\u0107 r\u00f3wnowag\u0119 tam\u00a0gdzie zosta\u0142a zaburzona.<\/p>\n","protected":false},"excerpt":{"rendered":"<p>Personalny, Instruktor Fitness z wieloletnim do\u015bwiadczeniem. Fizjoterapia to moja pasja. Ci\u0105gle poszerzam swoj\u0105 wiedz\u0119 by jeszcze lepiej pom\u00f3c swoim pacjentom. Pracuj\u0119 zar\u00f3wno z dzie\u0107mi od 3 r. \u017c. jak i doros\u0142ymi. W mojej ofercie znajduj\u0105 si\u0119 nowoczesne metody terapii pozwalaj\u0105ce przywr\u00f3ci\u0107 r\u00f3wnowag\u0119 tam\u00a0gdzie zosta\u0142a zaburzona.<\/p>\n","protected":false},"author":1,"featured_media":0,"comment_status":"open","ping_status":"open","sticky":false,"template":"","format":"standard","meta":{"_acf_changed":false,"footnotes":""},"categories":[5],"tags":[17,14],"class_list":["post-2081","post","type-post","status-publish","format-standard","hentry","category-zespol","tag-fizjoterapia","tag-pedagogiczna"],"acf":[],"_links":{"self":[{"href":"https:\/\/kaliszharmonia.pl\/index.php?rest_route=\/wp\/v2\/posts\/2081","targetHints":{"allow":["GET"]}}],"collection":[{"href":"https:\/\/kaliszharmonia.pl\/index.php?rest_route=\/wp\/v2\/posts"}],"about":[{"href":"https:\/\/kaliszharmonia.pl\/index.php?rest_route=\/wp\/v2\/types\/post"}],"author":[{"embeddable":true,"href":"https:\/\/kaliszharmonia.pl\/index.php?rest_route=\/wp\/v2\/users\/1"}],"replies":[{"embeddable":true,"href":"https:\/\/kaliszharmonia.pl\/index.php?rest_route=%2Fwp%2Fv2%2Fcomments&post=2081"}],"version-history":[{"count":5,"href":"https:\/\/kaliszharmonia.pl\/index.php?rest_route=\/wp\/v2\/posts\/2081\/revisions"}],"predecessor-version":[{"id":2261,"href":"https:\/\/kaliszharmonia.pl\/index.php?rest_route=\/wp\/v2\/posts\/2081\/revisions\/2261"}],"wp:attachment":[{"href":"https:\/\/kaliszharmonia.pl\/index.php?rest_route=%2Fwp%2Fv2%2Fmedia&parent=2081"}],"wp:term":[{"taxonomy":"category","embeddable":true,"href":"https:\/\/kaliszharmonia.pl\/index.php?rest_route=%2Fwp%2Fv2%2Fcategories&post=2081"},{"taxonomy":"post_tag","embeddable":true,"href":"https:\/\/kaliszharmonia.pl\/index.php?rest_route=%2Fwp%2Fv2%2Ftags&post=2081"}],"curies":[{"name":"wp","href":"https:\/\/api.w.org\/{rel}","templated":true}]}}