{"id":2084,"date":"2026-07-04T13:52:20","date_gmt":"2026-07-04T13:52:20","guid":{"rendered":"https:\/\/kaliszharmonia.pl\/?p=2084"},"modified":"2026-07-04T13:52:20","modified_gmt":"2026-07-04T13:52:20","slug":"mgr-patrycja-rutczak","status":"publish","type":"post","link":"https:\/\/kaliszharmonia.pl\/?p=2084","title":{"rendered":"mgr Patrycja Rutczak"},"content":{"rendered":"\n<p class=\"wp-block-paragraph\">Posiada do\u015bwiadczenie pracy psychologicznej i psychoterapeutycznej w poradni zdrowia psychicznego, o\u015brodku wychowawczym, szkole \u015bredniej, a tak\u017ce w centrum rehabilitacji (z osobami chorymi somatycznie), gdzie wspiera\u0142a pacjent\u00f3w w procesie zdrowienia i usprawniania si\u0119. Od 10 lat pracuje z m\u0142odzie\u017c\u0105 z problemami emocjonalnymi, spo\u0142ecznymi, zaburzeniami zachowania. W O\u015brodku zajmuje si\u0119 wsparciem psychologicznym oraz indywidualn\u0105 psychoterapi\u0105 m\u0142odzie\u017cy i os\u00f3b doros\u0142ych. Swoj\u0105 prac\u0119 psychoterapeutyczn\u0105 poddaje sta\u0142ej superwizji.<\/p>\n","protected":false},"excerpt":{"rendered":"<p>Posiada do\u015bwiadczenie pracy psychologicznej i psychoterapeutycznej w poradni zdrowia psychicznego, o\u015brodku wychowawczym, szkole \u015bredniej, a tak\u017ce w centrum rehabilitacji (z osobami chorymi somatycznie), gdzie wspiera\u0142a pacjent\u00f3w w procesie zdrowienia i usprawniania si\u0119. Od 10 lat pracuje z m\u0142odzie\u017c\u0105 z problemami emocjonalnymi, spo\u0142ecznymi, zaburzeniami zachowania. W O\u015brodku zajmuje si\u0119 wsparciem psychologicznym oraz indywidualn\u0105 psychoterapi\u0105 m\u0142odzie\u017cy i [&hellip;]<\/p>\n","protected":false},"author":1,"featured_media":0,"comment_status":"open","ping_status":"open","sticky":false,"template":"","format":"standard","meta":{"_acf_changed":false,"footnotes":""},"categories":[5],"tags":[12],"class_list":["post-2084","post","type-post","status-publish","format-standard","hentry","category-zespol","tag-psychologiczna"],"acf":[],"_links":{"self":[{"href":"https:\/\/kaliszharmonia.pl\/index.php?rest_route=\/wp\/v2\/posts\/2084","targetHints":{"allow":["GET"]}}],"collection":[{"href":"https:\/\/kaliszharmonia.pl\/index.php?rest_route=\/wp\/v2\/posts"}],"about":[{"href":"https:\/\/kaliszharmonia.pl\/index.php?rest_route=\/wp\/v2\/types\/post"}],"author":[{"embeddable":true,"href":"https:\/\/kaliszharmonia.pl\/index.php?rest_route=\/wp\/v2\/users\/1"}],"replies":[{"embeddable":true,"href":"https:\/\/kaliszharmonia.pl\/index.php?rest_route=%2Fwp%2Fv2%2Fcomments&post=2084"}],"version-history":[{"count":1,"href":"https:\/\/kaliszharmonia.pl\/index.php?rest_route=\/wp\/v2\/posts\/2084\/revisions"}],"predecessor-version":[{"id":2085,"href":"https:\/\/kaliszharmonia.pl\/index.php?rest_route=\/wp\/v2\/posts\/2084\/revisions\/2085"}],"wp:attachment":[{"href":"https:\/\/kaliszharmonia.pl\/index.php?rest_route=%2Fwp%2Fv2%2Fmedia&parent=2084"}],"wp:term":[{"taxonomy":"category","embeddable":true,"href":"https:\/\/kaliszharmonia.pl\/index.php?rest_route=%2Fwp%2Fv2%2Fcategories&post=2084"},{"taxonomy":"post_tag","embeddable":true,"href":"https:\/\/kaliszharmonia.pl\/index.php?rest_route=%2Fwp%2Fv2%2Ftags&post=2084"}],"curies":[{"name":"wp","href":"https:\/\/api.w.org\/{rel}","templated":true}]}}